{"id":130,"date":"2023-05-05T18:10:31","date_gmt":"2023-05-05T16:10:31","guid":{"rendered":"https:\/\/si-stc.fr\/?p=130"},"modified":"2025-04-07T22:59:38","modified_gmt":"2025-04-07T20:59:38","slug":"fete-des-3-vallees-2023","status":"publish","type":"post","link":"https:\/\/si-stc.fr\/?p=130","title":{"rendered":"F\u00eate des 3 Vall\u00e9es 2023"},"content":{"rendered":"\n<p>La f\u00eate des 3 vall\u00e9es approche \u00e0 grands pas !<\/p>\n\n\n\n<p>Comme toute l\u2019\u00e9quipe de b\u00e9n\u00e9voles du Syndicat d\u2019Initiative, je suis heureuse de vous retrouver pour cette 51\u00e8me&nbsp;f\u00eate des 3 vall\u00e9es.<\/p>\n\n\n\n<p>Du 17 au 21 mai prochain, Saint Ch\u00e9ron va s\u2019animer. Comme d\u2019habitude, nous avons alli\u00e9 traditions et nouveaut\u00e9s pour vous concocter un programme des plus sympathique.<\/p>\n\n\n\n<p>Une f\u00eate familiale et amicale, \u00e0 l\u2019image de notre village pour lequel nous voulons faire perdurer les notions de respect, de bienveillance, de s\u00e9r\u00e9nit\u00e9, de partage et de festivit\u00e9s.<\/p>\n\n\n\n<p>Nous souhaitons que chacune des manifestations vous donne le sourire et vous offre des moments de d\u00e9tente.<\/p>\n\n\n\n<p>A tr\u00e8s vite !<\/p>\n\n\n\n<p>Gabriel Colas<\/p>\n\n\n\n<p><\/p>\n","protected":false},"excerpt":{"rendered":"<p>La f\u00eate des 3 vall\u00e9es approche \u00e0 grands pas ! Comme toute l\u2019\u00e9quipe de b\u00e9n\u00e9voles du Syndicat d\u2019Initiative, je suis heureuse de vous retrouver pour &hellip; <\/p>\n","protected":false},"author":1,"featured_media":135,"comment_status":"open","ping_status":"open","sticky":false,"template":"","format":"standard","meta":{"footnotes":""},"categories":[6],"tags":[],"class_list":["post-130","post","type-post","status-publish","format-standard","has-post-thumbnail","hentry","category-evenements-passe","latest_post"],"_links":{"self":[{"href":"https:\/\/si-stc.fr\/index.php?rest_route=\/wp\/v2\/posts\/130","targetHints":{"allow":["GET"]}}],"collection":[{"href":"https:\/\/si-stc.fr\/index.php?rest_route=\/wp\/v2\/posts"}],"about":[{"href":"https:\/\/si-stc.fr\/index.php?rest_route=\/wp\/v2\/types\/post"}],"author":[{"embeddable":true,"href":"https:\/\/si-stc.fr\/index.php?rest_route=\/wp\/v2\/users\/1"}],"replies":[{"embeddable":true,"href":"https:\/\/si-stc.fr\/index.php?rest_route=%2Fwp%2Fv2%2Fcomments&post=130"}],"version-history":[{"count":4,"href":"https:\/\/si-stc.fr\/index.php?rest_route=\/wp\/v2\/posts\/130\/revisions"}],"predecessor-version":[{"id":137,"href":"https:\/\/si-stc.fr\/index.php?rest_route=\/wp\/v2\/posts\/130\/revisions\/137"}],"wp:featuredmedia":[{"embeddable":true,"href":"https:\/\/si-stc.fr\/index.php?rest_route=\/wp\/v2\/media\/135"}],"wp:attachment":[{"href":"https:\/\/si-stc.fr\/index.php?rest_route=%2Fwp%2Fv2%2Fmedia&parent=130"}],"wp:term":[{"taxonomy":"category","embeddable":true,"href":"https:\/\/si-stc.fr\/index.php?rest_route=%2Fwp%2Fv2%2Fcategories&post=130"},{"taxonomy":"post_tag","embeddable":true,"href":"https:\/\/si-stc.fr\/index.php?rest_route=%2Fwp%2Fv2%2Ftags&post=130"}],"curies":[{"name":"wp","href":"https:\/\/api.w.org\/{rel}","templated":true}]}}